{"id":3088,"date":"2020-12-20T09:47:52","date_gmt":"2020-12-20T07:47:52","guid":{"rendered":"http:\/\/www.cutreiera.ro\/?p=3088"},"modified":"2020-12-20T09:47:52","modified_gmt":"2020-12-20T07:47:52","slug":"o-ce-veste-minunata","status":"publish","type":"post","link":"https:\/\/www.cutreiera.ro\/?p=3088","title":{"rendered":"O, ce veste minunata!"},"content":{"rendered":"<p>&#8222;O, ce veste minunata!&#8221; Si nu, nu este vorba, desi se apropie Craciunul, de vestea pe care cu totii o primim, cu inimile mai mult sau mai putin deschise, in fiecare an in preajma zilei de 25 decembrie.<\/p>\n<p>De data aceasta este vorba de o veste pe care am primit-o din numarul pe luna ianuarie 2021 al revistei &#8222;Gradina mea&#8221; &#8211; veste careia, cautand eu ulterior pe net, am aflat ca i-ar fi stat si mai bine in numarul din ianuarie al acestui an, 2020 &#8211; pentru ca de atunci pare sa dateze. Dar (stiti bancul cu Gheorghe, Ianosz si Mihai Viteazul, nu? &#8211; Ianosz, prieten de-o viata cu Gheorghe, se trezeste intr-o zi cu un Gheorghe foarte suparat la usa, cu un topor in mana, spunandu-i &#8222;No, Ianosz, am venit sa te omor!!&#8221; Ianosz incearca sa se dumireasca si sa-l ia cu binisorul: &#8222;Dar de ce, mai Gheorghe? Ce-am facut? Ne stim de-o viata&#8230;&#8221;. &#8222;Pai voi ungurii l-ati omorat pe Mihai Viteazul!!!&#8221;. &#8222;Da&#8217; asta fost demult, mai Gheorghe!&#8221; &#8222;No, io amu&#8217; am aflat.&#8221;), vorba aceea, eu acum am aflat, acum va zic &#8211; pentru ca eu nu am stiut pana azi iar vestea e la fel de imbucuratoare acum ca si acum un an &#8211; poate mai mult acum, pentru ca ma gandesc ca ne aflam mai aproape de transformarea stirii in realitate.<\/p>\n<p>Iata stirea: &#8222;Gr\u0103dinile Senatului \u2013\u00a0<em>Memorial Uranus<\/em>\u201d este numele proiectului prin care Senatul Rom\u00e2niei \u00ee\u015fi propune s\u0103 reconstruiasc\u0103 simbolic str\u0103zi \u015fi cl\u0103diri existente pe Dealul Uranus p\u00e2n\u0103 la demolarea lor pentru a se ridica Palatul Parlamentului. [&#8230;]<\/p>\n<p>Conturul cl\u0103dirilor \u015fi 12 str\u0103zi principale vor fi ref\u0103cute cu ajutorul pomilor \u015fi florilor printr-un proiect de amenajare\u00a0peisagistic\u0103 ce se va desf\u0103\u015fura pe parcursul a maximum doi ani.<\/p>\n<p>Vizitatorii vor avea posibilitatea s\u0103 se plimbe prin Gr\u0103dinile Senatului \u015fi, cu ajutorul realit\u0103\u0163ii augmentate, utiliz\u00e2nd dispozitivele 3D, s\u0103 vizualizeze str\u0103zile \u015fi cl\u0103dirile de alt\u0103dat\u0103.<\/p>\n<p>Peste 1000 de arbori, 7500 de arbu\u015fti, jum\u0103tate de milion de bulbi \u015fi circa 30.000 de metri p\u0103tra\u0163i de plante perene, trandafiri \u015fi gazon vor contribui, al\u0103turi de sistemul de iluminare \u015fi mobilierul cu design special, la reprezentarea vizual\u0103 a amprentelor locative ale cl\u0103dirilor de odinioar\u0103, ref\u0103c\u00e2nd leg\u0103tura cu trecutul. Tulipa Uranus, o varietate nou\u0103 de lalea, a fost creat\u0103 special pentru acest proiect&#8221;<\/p>\n<p>Suna entuziasmant, nu? Nu credeam ca o veste ar putea sa mi se mai para atat de fantastica in vremurile astea, dar iata.<\/p>\n<p>Si mi-au venit in minte imagini sporadice de dinainte de demolarea zonei &#8211; tramvaiul 3 (nu?) a continuat sa mai circule pe strada Uranus doar putine luni dupa mutarea familei mele in Bucuresti in 1983, chiar in vecinatatea zonei respective. Mi-au ramas in amintire imaginea unei biserici cu mozaic colorat pe fatada; o vila cu gardul acoperit si el de mozaicuri in stil antic roman si curtea plina de statui si fragmente de statui &#8211; probabil caminul vreunui sculptor; statuia dedicata eroilor pompieri din Dealul Spirii &#8211; reaparuta dupa 1989 in fata actualului Hotel Marriott (il am si acum in fata ochilor pe Petre Roman tragand repetat de sfoara care trebuia sa dezveleasca statuia &#8211; acoperamantul careia ramasese insa agatat de trompeta Victoriei, compromitand astfel solemnitatea momentului). Cumva, printre daramaturile in care s-a transformat zona, aparuse la un moment dat, undeva intre vechiul pod Izvor si vechile Arhive ale Statului, un &#8211; as zice &#8211; arc de triumf despre care nu am auzit niciodata si nu am reusit sa aflu nimic&#8230;<\/p>\n<p>Si pentru ca romanul nu e niciodata multumit si de fiecare data vrea mai mult, vin si ma intreb: oare va vrea si va reusi sa refaca vreodata cineva si vechiul complex statuar intruchipand Legenda Urlatoarei, aflat initial si el in apropiere, pe un alt deal din zona, Dealul Filaret? Pentru cei care nu stiu despre ce este vorba atasez aici o fotografie preluata din Revista Arhitectura, care reda atat amplasarea initiala a grupului statuar cat si imaginea statuilor asa cum se regasesc astazi imprastiate prin parcurile bucurestene &#8211; recomand din tot sufletul articolul &#8222;Viata nesigura a monumentelor din Bucuresti&#8221; al lui Alexandru Panaitescu &#8211; nu am citit de multa vreme ceva atat de interesant.<\/p>\n<p>S-au refacut\/ reamplasat recent multe statui care apar in acest articol, poate va veni si vremea Grotei Gigantilor? E poate singurul ansamblu statuar pe care l-a avut orasul nostru in timp, unul fara conotatii politice &#8211; si nu cred ca avem atat de multe monumente oricum, ca sa ne permitem sa renuntam la impactul pe care l-ar crea un astfel de grup reunit, gandit si realizat de unii dintre cei mai celebri sculptori pe care i-am avut.<\/p>\n<p><a href=\"https:\/\/i0.wp.com\/www.cutreiera.ro\/wp-content\/uploads\/16a-Grota-Gigantilor.jpg\"><img data-recalc-dims=\"1\" loading=\"lazy\" decoding=\"async\" class=\"aligncenter wp-image-3090 size-large\" src=\"https:\/\/i0.wp.com\/www.cutreiera.ro\/wp-content\/uploads\/16a-Grota-Gigantilor-1024x493.jpg?resize=474%2C228\" alt=\"\" width=\"474\" height=\"228\" srcset=\"https:\/\/i0.wp.com\/www.cutreiera.ro\/wp-content\/uploads\/16a-Grota-Gigantilor.jpg?resize=1024%2C493&amp;ssl=1 1024w, https:\/\/i0.wp.com\/www.cutreiera.ro\/wp-content\/uploads\/16a-Grota-Gigantilor.jpg?resize=300%2C145&amp;ssl=1 300w, https:\/\/i0.wp.com\/www.cutreiera.ro\/wp-content\/uploads\/16a-Grota-Gigantilor.jpg?resize=768%2C370&amp;ssl=1 768w, https:\/\/i0.wp.com\/www.cutreiera.ro\/wp-content\/uploads\/16a-Grota-Gigantilor.jpg?w=1920&amp;ssl=1 1920w, https:\/\/i0.wp.com\/www.cutreiera.ro\/wp-content\/uploads\/16a-Grota-Gigantilor.jpg?w=948&amp;ssl=1 948w, https:\/\/i0.wp.com\/www.cutreiera.ro\/wp-content\/uploads\/16a-Grota-Gigantilor.jpg?w=1422&amp;ssl=1 1422w\" sizes=\"auto, (max-width: 474px) 100vw, 474px\" \/><\/a><\/p>\n<p>Si vreau sa-i multumesc lui Simion Saveanu, autorul cartii &#8222;Aventuri prin tunelul timpului&#8221;, de unde am aflat (si) despre grupul statuar de mai sus: oriunde ai fi acum domnule Saveanu, iti multumesc &#8211; cartea dumitale m-a facut sa incep sa iubesc Bucurestiul &#8211; o pustoaica de 15 ani, data peste cap de mutarea peste noapte intr-un oras pe care multa vreme l-a urat. Datorita acestei carti locul meu preferat din Bucuresti ramane Cimitirul Bellu, datorita ei ridic acum capul cand trec pe strazile vechi ale Bucurestiului sa observ undeva o statuie, altundeva o marchiza, un basorelief&#8230; Nu te-am iubit la 15 ani, Bucuresti, dar te iubesc acum si, pana la urma, asta conteaza.<\/p>\n","protected":false},"excerpt":{"rendered":"<p>&#8222;O, ce veste minunata!&#8221; Si nu, nu este vorba, desi se apropie Craciunul, de vestea pe care cu totii o primim, cu inimile mai mult sau mai putin deschise, in fiecare an in preajma zilei de 25 decembrie. De data aceasta este vorba de o veste pe care am primit-o din numarul pe luna ianuarie &hellip; <a href=\"https:\/\/www.cutreiera.ro\/?p=3088\" class=\"more-link\">Continu\u0103 lectura <span class=\"screen-reader-text\">O, ce veste minunata!<\/span> <span class=\"meta-nav\">&rarr;<\/span><\/a><\/p>\n","protected":false},"author":1,"featured_media":3090,"comment_status":"open","ping_status":"closed","sticky":false,"template":"","format":"standard","meta":{"jetpack_post_was_ever_published":false,"_jetpack_newsletter_access":"","_jetpack_dont_email_post_to_subs":false,"_jetpack_newsletter_tier_id":0,"_jetpack_memberships_contains_paywalled_content":false,"_jetpack_memberships_contains_paid_content":false,"footnotes":"","jetpack_publicize_message":"","jetpack_publicize_feature_enabled":true,"jetpack_social_post_already_shared":false,"jetpack_social_options":{"image_generator_settings":{"template":"highway","enabled":false},"version":2}},"categories":[3],"tags":[],"class_list":["post-3088","post","type-post","status-publish","format-standard","has-post-thumbnail","hentry","category-calatorii"],"jetpack_publicize_connections":[],"jetpack_featured_media_url":"https:\/\/i0.wp.com\/www.cutreiera.ro\/wp-content\/uploads\/16a-Grota-Gigantilor.jpg?fit=1920%2C925&ssl=1","jetpack-related-posts":[],"jetpack_sharing_enabled":true,"jetpack_likes_enabled":true,"_links":{"self":[{"href":"https:\/\/www.cutreiera.ro\/index.php?rest_route=\/wp\/v2\/posts\/3088","targetHints":{"allow":["GET"]}}],"collection":[{"href":"https:\/\/www.cutreiera.ro\/index.php?rest_route=\/wp\/v2\/posts"}],"about":[{"href":"https:\/\/www.cutreiera.ro\/index.php?rest_route=\/wp\/v2\/types\/post"}],"author":[{"embeddable":true,"href":"https:\/\/www.cutreiera.ro\/index.php?rest_route=\/wp\/v2\/users\/1"}],"replies":[{"embeddable":true,"href":"https:\/\/www.cutreiera.ro\/index.php?rest_route=%2Fwp%2Fv2%2Fcomments&post=3088"}],"version-history":[{"count":6,"href":"https:\/\/www.cutreiera.ro\/index.php?rest_route=\/wp\/v2\/posts\/3088\/revisions"}],"predecessor-version":[{"id":3240,"href":"https:\/\/www.cutreiera.ro\/index.php?rest_route=\/wp\/v2\/posts\/3088\/revisions\/3240"}],"wp:featuredmedia":[{"embeddable":true,"href":"https:\/\/www.cutreiera.ro\/index.php?rest_route=\/wp\/v2\/media\/3090"}],"wp:attachment":[{"href":"https:\/\/www.cutreiera.ro\/index.php?rest_route=%2Fwp%2Fv2%2Fmedia&parent=3088"}],"wp:term":[{"taxonomy":"category","embeddable":true,"href":"https:\/\/www.cutreiera.ro\/index.php?rest_route=%2Fwp%2Fv2%2Fcategories&post=3088"},{"taxonomy":"post_tag","embeddable":true,"href":"https:\/\/www.cutreiera.ro\/index.php?rest_route=%2Fwp%2Fv2%2Ftags&post=3088"}],"curies":[{"name":"wp","href":"https:\/\/api.w.org\/{rel}","templated":true}]}}